{"id":835,"date":"2024-07-27T09:00:00","date_gmt":"2024-07-27T14:00:00","guid":{"rendered":"https:\/\/blog.rentalho.com\/?p=835"},"modified":"2024-08-02T15:29:51","modified_gmt":"2024-08-02T20:29:51","slug":"museo-del-automovil","status":"publish","type":"post","link":"https:\/\/blog.rentalho.com\/es\/museo-del-automovil\/","title":{"rendered":"Un viaje por el Museo del Autom\u00f3vil en Cuba"},"content":{"rendered":"\n<p>Cuba es famosa por sus autos cl\u00e1sicos que recorren las calles como si fueran parte de un museo rodante. Sin embargo, pocos conocen la joya oculta que alberga el Centro Hist\u00f3rico de La Habana: la nueva sede del Museo del Autom\u00f3vil. Situado en la calle San Ignacio, entre Amargura y Teniente Rey, a solo pasos de la ic\u00f3nica Plaza Vieja, este museo se ha convertido en una visita imprescindible tanto para locales como para turistas que desean sumergirse en la rica historia automovil\u00edstica de la isla.<\/p>\n\n\n\n<figure class=\"wp-block-image size-large\"><img decoding=\"async\" loading=\"lazy\" width=\"1024\" height=\"576\" src=\"https:\/\/blog.rentalho.com\/wp-content\/uploads\/2024\/08\/01-1-1024x576.jpg\" alt=\"Sala principal\" class=\"wp-image-842\" srcset=\"https:\/\/blog.rentalho.com\/wp-content\/uploads\/2024\/08\/01-1-1024x576.jpg 1024w, https:\/\/blog.rentalho.com\/wp-content\/uploads\/2024\/08\/01-1-300x169.jpg 300w, https:\/\/blog.rentalho.com\/wp-content\/uploads\/2024\/08\/01-1-768x432.jpg 768w, https:\/\/blog.rentalho.com\/wp-content\/uploads\/2024\/08\/01-1-1536x864.jpg 1536w, https:\/\/blog.rentalho.com\/wp-content\/uploads\/2024\/08\/01-1-2048x1152.jpg 2048w, https:\/\/blog.rentalho.com\/wp-content\/uploads\/2024\/08\/01-1-18x10.jpg 18w\" sizes=\"(max-width: 1024px) 100vw, 1024px\" \/><\/figure>\n\n\n\n<p>El Museo del Autom\u00f3vil en La Habana, conocido como \u00abEl Garaje\u00bb, ofrece un fascinante recorrido por los veh\u00edculos m\u00e1s ic\u00f3nicos que han marcado la historia de Cuba durante la primera mitad del siglo XX. En su sala principal, los visitantes pueden admirar una colecci\u00f3n excepcional de autom\u00f3viles, cada uno con una historia \u00fanica. Tiene algunos que pertenecieron a destacadas figuras culturales y pol\u00edticas, y veh\u00edculos que formaron parte de la vida cotidiana de la isla.<\/p>\n\n\n\n<figure class=\"wp-block-image size-large\"><img decoding=\"async\" loading=\"lazy\" width=\"1024\" height=\"576\" src=\"https:\/\/blog.rentalho.com\/wp-content\/uploads\/2024\/08\/02-Foto-Sergei-Montalvo-Arostegui-Inauguracion-Museo-del-Automovil-2-1024x576.jpg\" alt=\"Museo del Autom\u00f3vil\" class=\"wp-image-843\" srcset=\"https:\/\/blog.rentalho.com\/wp-content\/uploads\/2024\/08\/02-Foto-Sergei-Montalvo-Arostegui-Inauguracion-Museo-del-Automovil-2-1024x576.jpg 1024w, https:\/\/blog.rentalho.com\/wp-content\/uploads\/2024\/08\/02-Foto-Sergei-Montalvo-Arostegui-Inauguracion-Museo-del-Automovil-2-300x169.jpg 300w, https:\/\/blog.rentalho.com\/wp-content\/uploads\/2024\/08\/02-Foto-Sergei-Montalvo-Arostegui-Inauguracion-Museo-del-Automovil-2-768x432.jpg 768w, https:\/\/blog.rentalho.com\/wp-content\/uploads\/2024\/08\/02-Foto-Sergei-Montalvo-Arostegui-Inauguracion-Museo-del-Automovil-2-1536x864.jpg 1536w, https:\/\/blog.rentalho.com\/wp-content\/uploads\/2024\/08\/02-Foto-Sergei-Montalvo-Arostegui-Inauguracion-Museo-del-Automovil-2-2048x1152.jpg 2048w, https:\/\/blog.rentalho.com\/wp-content\/uploads\/2024\/08\/02-Foto-Sergei-Montalvo-Arostegui-Inauguracion-Museo-del-Automovil-2-18x10.jpg 18w\" sizes=\"(max-width: 1024px) 100vw, 1024px\" \/><figcaption class=\"wp-element-caption\"><em>Foto tomada por Sergei Montalvo Ar\u00f3stegui<\/em><\/figcaption><\/figure>\n\n\n\n<p>Entre las joyas m\u00e1s preciadas del museo se encuentra <strong>La Parisienne<\/strong>, el primer autom\u00f3vil introducido en Cuba en 1898 por Jos\u00e9 Mu\u00f1oz. Este veh\u00edculo, equipado con faroles de mecha y alimentado por bencina, alcanzaba una velocidad m\u00e1xima de 12 km\/h con una potencia de dos caballos de fuerza. Un a\u00f1o despu\u00e9s, en 1899, Ernesto Sarr\u00e1, un reconocido hombre de negocios, trajo al pa\u00eds un <strong>Rochet y Schneider<\/strong>. Estaba fabricado en Lyon, alcanzaba los 30 km\/h y contaba con una potencia de ocho caballos de fuerza.<\/p>\n\n\n\n<figure class=\"wp-block-image size-large\"><img decoding=\"async\" loading=\"lazy\" width=\"1024\" height=\"576\" src=\"https:\/\/blog.rentalho.com\/wp-content\/uploads\/2024\/08\/03-Foto-Sergei-Montalvo-Arostegui-Inauguracion-Museo-del-Automovil-6-1024x576.jpg\" alt=\"Museo del Autom\u00f3vil\" class=\"wp-image-844\" srcset=\"https:\/\/blog.rentalho.com\/wp-content\/uploads\/2024\/08\/03-Foto-Sergei-Montalvo-Arostegui-Inauguracion-Museo-del-Automovil-6-1024x576.jpg 1024w, https:\/\/blog.rentalho.com\/wp-content\/uploads\/2024\/08\/03-Foto-Sergei-Montalvo-Arostegui-Inauguracion-Museo-del-Automovil-6-300x169.jpg 300w, https:\/\/blog.rentalho.com\/wp-content\/uploads\/2024\/08\/03-Foto-Sergei-Montalvo-Arostegui-Inauguracion-Museo-del-Automovil-6-768x432.jpg 768w, https:\/\/blog.rentalho.com\/wp-content\/uploads\/2024\/08\/03-Foto-Sergei-Montalvo-Arostegui-Inauguracion-Museo-del-Automovil-6-1536x864.jpg 1536w, https:\/\/blog.rentalho.com\/wp-content\/uploads\/2024\/08\/03-Foto-Sergei-Montalvo-Arostegui-Inauguracion-Museo-del-Automovil-6-2048x1152.jpg 2048w, https:\/\/blog.rentalho.com\/wp-content\/uploads\/2024\/08\/03-Foto-Sergei-Montalvo-Arostegui-Inauguracion-Museo-del-Automovil-6-18x10.jpg 18w\" sizes=\"(max-width: 1024px) 100vw, 1024px\" \/><figcaption class=\"wp-element-caption\"><em>Foto tomada por Sergei Montalvo Ar\u00f3stegui<\/em><\/figcaption><\/figure>\n\n\n\n<p>Las exhibiciones en \u00abEl Garaje\u00bb no solo incluyen estos veh\u00edculos hist\u00f3ricos, sino tambi\u00e9n una rica narrativa visual con fotograf\u00edas de los autom\u00f3viles y carteles informativos. Estos revelan detalles intrigantes como la apertura del primer taller garaje en Cuba, el origen del t\u00e9rmino \u00abfotingo\u00bb, las marcas m\u00e1s representativas de la \u00e9poca, y el modelo que introdujo la primera transmisi\u00f3n autom\u00e1tica segura. Destaca tambi\u00e9n la historia del autom\u00f3vil de <strong>La Macorina<\/strong>, la primera mujer en conducir un coche en Cuba.<\/p>\n\n\n\n<figure class=\"wp-block-image size-large\"><img decoding=\"async\" loading=\"lazy\" width=\"1024\" height=\"576\" src=\"https:\/\/blog.rentalho.com\/wp-content\/uploads\/2024\/08\/04-1024x576.jpg\" alt=\"\" class=\"wp-image-846\" srcset=\"https:\/\/blog.rentalho.com\/wp-content\/uploads\/2024\/08\/04-1024x576.jpg 1024w, https:\/\/blog.rentalho.com\/wp-content\/uploads\/2024\/08\/04-300x169.jpg 300w, https:\/\/blog.rentalho.com\/wp-content\/uploads\/2024\/08\/04-768x432.jpg 768w, https:\/\/blog.rentalho.com\/wp-content\/uploads\/2024\/08\/04-1536x864.jpg 1536w, https:\/\/blog.rentalho.com\/wp-content\/uploads\/2024\/08\/04-2048x1152.jpg 2048w, https:\/\/blog.rentalho.com\/wp-content\/uploads\/2024\/08\/04-18x10.jpg 18w\" sizes=\"(max-width: 1024px) 100vw, 1024px\" \/><\/figure>\n\n\n\n<p>La colecci\u00f3n del museo es un verdadero tesoro, cuenta con:<br>&#8211; la importancia tecnol\u00f3gica de piezas como el <strong>Cadillac V16 de 1930<\/strong> o el <strong>Ford T de 1918<\/strong>,<br>&#8211; con la rareza del <strong>Baby Lincoln de 1930<\/strong>,<br>&#8211; con el valor hist\u00f3rico del <strong>FIAT de 1930<\/strong> por haber pertenecido a una figura relevante como Flor Loynaz, y el <strong>Oldsmobile de 1959<\/strong> utilizado por Camilo Cienfuegos.<\/p>\n\n\n\n<figure class=\"wp-block-image size-large\"><img decoding=\"async\" loading=\"lazy\" width=\"1024\" height=\"576\" src=\"https:\/\/blog.rentalho.com\/wp-content\/uploads\/2024\/08\/05-1024x576.jpg\" alt=\"\" class=\"wp-image-848\" srcset=\"https:\/\/blog.rentalho.com\/wp-content\/uploads\/2024\/08\/05-1024x576.jpg 1024w, https:\/\/blog.rentalho.com\/wp-content\/uploads\/2024\/08\/05-300x169.jpg 300w, https:\/\/blog.rentalho.com\/wp-content\/uploads\/2024\/08\/05-768x432.jpg 768w, https:\/\/blog.rentalho.com\/wp-content\/uploads\/2024\/08\/05-1536x864.jpg 1536w, https:\/\/blog.rentalho.com\/wp-content\/uploads\/2024\/08\/05-2048x1152.jpg 2048w, https:\/\/blog.rentalho.com\/wp-content\/uploads\/2024\/08\/05-18x10.jpg 18w\" sizes=\"(max-width: 1024px) 100vw, 1024px\" \/><\/figure>\n\n\n\n<p>En 1958, Cuba se posicionaba como el sexto pa\u00eds en el mundo con m\u00e1s veh\u00edculos per c\u00e1pita. Fue en esta \u00e9poca dorada cuando comenz\u00f3 a circular el parque automotriz que hoy constituye la mayor parte de los autos cl\u00e1sicos que a\u00fan se ven en las calles de la isla.<\/p>\n\n\n\n<div class=\"is-layout-flex wp-container-3 wp-block-columns\">\n<div class=\"is-layout-flow wp-block-column\">\n<figure class=\"wp-block-image size-large\"><img decoding=\"async\" loading=\"lazy\" width=\"1024\" height=\"683\" src=\"https:\/\/blog.rentalho.com\/wp-content\/uploads\/2024\/08\/06-Foto-Sergei-Montalvo-Arostegui-Inauguracion-Museo-del-Automovil-8-1-1024x683.jpg\" alt=\"\" class=\"wp-image-850\" srcset=\"https:\/\/blog.rentalho.com\/wp-content\/uploads\/2024\/08\/06-Foto-Sergei-Montalvo-Arostegui-Inauguracion-Museo-del-Automovil-8-1-1024x683.jpg 1024w, https:\/\/blog.rentalho.com\/wp-content\/uploads\/2024\/08\/06-Foto-Sergei-Montalvo-Arostegui-Inauguracion-Museo-del-Automovil-8-1-300x200.jpg 300w, https:\/\/blog.rentalho.com\/wp-content\/uploads\/2024\/08\/06-Foto-Sergei-Montalvo-Arostegui-Inauguracion-Museo-del-Automovil-8-1-768x512.jpg 768w, https:\/\/blog.rentalho.com\/wp-content\/uploads\/2024\/08\/06-Foto-Sergei-Montalvo-Arostegui-Inauguracion-Museo-del-Automovil-8-1-1536x1024.jpg 1536w, https:\/\/blog.rentalho.com\/wp-content\/uploads\/2024\/08\/06-Foto-Sergei-Montalvo-Arostegui-Inauguracion-Museo-del-Automovil-8-1-18x12.jpg 18w, https:\/\/blog.rentalho.com\/wp-content\/uploads\/2024\/08\/06-Foto-Sergei-Montalvo-Arostegui-Inauguracion-Museo-del-Automovil-8-1.jpg 1800w\" sizes=\"(max-width: 1024px) 100vw, 1024px\" \/><figcaption class=\"wp-element-caption\"><em>Foto tomada por Sergei Montalvo Ar\u00f3stegui<\/em><\/figcaption><\/figure>\n<\/div>\n\n\n\n<div class=\"is-layout-flow wp-block-column\">\n<figure class=\"wp-block-image size-large\"><img decoding=\"async\" loading=\"lazy\" width=\"1024\" height=\"683\" src=\"https:\/\/blog.rentalho.com\/wp-content\/uploads\/2024\/08\/07-Foto-Sergei-Montalvo-Arostegui-Inauguracion-Museo-del-Automovil-5-1024x683.jpg\" alt=\"\" class=\"wp-image-849\" srcset=\"https:\/\/blog.rentalho.com\/wp-content\/uploads\/2024\/08\/07-Foto-Sergei-Montalvo-Arostegui-Inauguracion-Museo-del-Automovil-5-1024x683.jpg 1024w, https:\/\/blog.rentalho.com\/wp-content\/uploads\/2024\/08\/07-Foto-Sergei-Montalvo-Arostegui-Inauguracion-Museo-del-Automovil-5-300x200.jpg 300w, https:\/\/blog.rentalho.com\/wp-content\/uploads\/2024\/08\/07-Foto-Sergei-Montalvo-Arostegui-Inauguracion-Museo-del-Automovil-5-768x512.jpg 768w, https:\/\/blog.rentalho.com\/wp-content\/uploads\/2024\/08\/07-Foto-Sergei-Montalvo-Arostegui-Inauguracion-Museo-del-Automovil-5-1536x1024.jpg 1536w, https:\/\/blog.rentalho.com\/wp-content\/uploads\/2024\/08\/07-Foto-Sergei-Montalvo-Arostegui-Inauguracion-Museo-del-Automovil-5-18x12.jpg 18w, https:\/\/blog.rentalho.com\/wp-content\/uploads\/2024\/08\/07-Foto-Sergei-Montalvo-Arostegui-Inauguracion-Museo-del-Automovil-5.jpg 1800w\" sizes=\"(max-width: 1024px) 100vw, 1024px\" \/><figcaption class=\"wp-element-caption\"><em>Foto tomada por Sergei Montalvo Ar\u00f3stegui<\/em><\/figcaption><\/figure>\n<\/div>\n<\/div>\n\n\n\n<p>El museo guarda lo mejor para el final en una sala contigua. Nueve autom\u00f3viles excepcionales forman una muestra que abarca desde un modelo de 1914 hasta veh\u00edculos asociados con figuras hist\u00f3ricas cubanas. Destaca un magn\u00edfico <strong>Alfa Romeo<\/strong> que sol\u00eda ser utilizado por la Reina del carnaval habanero, un <strong>Maserati<\/strong> similar al que pilot\u00f3 el legendario Juan Manuel Fangio en el Grand Prix de La Habana en 1957, y los tres <strong>Papam\u00f3viles<\/strong> utilizados por el Papa Francisco durante su visita a Cuba en 2014.<\/p>\n\n\n\n<hr class=\"wp-block-separator has-alpha-channel-opacity is-style-dots\"\/>\n\n\n\n<p>Cuba es reconocida mundialmente por su vasto legado de autos cl\u00e1sicos, y \u00abEl Garaje\u00bb se erige como un pilar fundamental en la preservaci\u00f3n y celebraci\u00f3n de esta rica herencia automovil\u00edstica. Canaliza y visibiliza la historia que sigue rodando por las calles del pa\u00eds.<\/p>\n\n\n\n<hr class=\"wp-block-separator has-alpha-channel-opacity is-style-dots\"\/>\n\n\n\n<p>Si te resultan interesantes los museos, aqu\u00ed te presentamos un top de visita obligada a tu paso por La Habana:<\/p>\n\n\n\n<figure class=\"wp-block-embed is-type-wp-embed is-provider-el-blog-de-rentalho wp-block-embed-el-blog-de-rentalho\"><div class=\"wp-block-embed__wrapper\">\n<blockquote class=\"wp-embedded-content\" data-secret=\"gXY9pD7mwQ\"><a href=\"https:\/\/blog.rentalho.com\/es\/museos-en-la-habana\/\">Museos en La Habana, top 8 imperdibles<\/a><\/blockquote><iframe title=\"\u00abMuseos en La Habana, top 8 imperdibles\u00bb \u2014 El Blog de RentalHo\" sandbox=\"allow-scripts\" security=\"restricted\" src=\"https:\/\/blog.rentalho.com\/es\/museos-en-la-habana\/embed\/#?secret=gXY9pD7mwQ\" width=\"600\" height=\"338\" data-secret=\"gXY9pD7mwQ\" frameborder=\"0\" marginwidth=\"0\" marginheight=\"0\" scrolling=\"no\" class=\"wp-embedded-content\"><\/iframe><script>\/*! This file is auto-generated *\/!function(c,l){\"use strict\";var e=!1,o=!1;if(l.querySelector)if(c.addEventListener)e=!0;if(c.wp=c.wp||{},c.wp.receiveEmbedMessage);else if(c.wp.receiveEmbedMessage=function(e){var t=e.data;if(!t);else if(!(t.secret||t.message||t.value));else if(\/[^a-zA-Z0-9]\/.test(t.secret));else{for(var r,s,a,i=l.querySelectorAll('iframe[data-secret=\"'+t.secret+'\"]'),n=l.querySelectorAll('blockquote[data-secret=\"'+t.secret+'\"]'),o=0;o<n.length;o++)n[o].style.display=\"none\";for(o=0;o<i.length;o++)if(r=i[o],e.source!==r.contentWindow);else{if(r.removeAttribute(\"style\"),\"height\"===t.message){if(1e3<(s=parseInt(t.value,10)))s=1e3;else if(~~s<200)s=200;r.height=s}if(\"link\"===t.message)if(s=l.createElement(\"a\"),a=l.createElement(\"a\"),s.href=r.getAttribute(\"src\"),a.href=t.value,a.host===s.host)if(l.activeElement===r)c.top.location.href=t.value}}},e)c.addEventListener(\"message\",c.wp.receiveEmbedMessage,!1),l.addEventListener(\"DOMContentLoaded\",t,!1),c.addEventListener(\"load\",t,!1);function t(){if(o);else{o=!0;for(var e,t,r,s=-1!==navigator.appVersion.indexOf(\"MSIE 10\"),a=!!navigator.userAgent.match(\/Trident.*rv:11.\/),i=l.querySelectorAll(\"iframe.wp-embedded-content\"),n=0;n<i.length;n++){if(!(r=(t=i[n]).getAttribute(\"data-secret\")))r=Math.random().toString(36).substr(2,10),t.src+=\"#?secret=\"+r,t.setAttribute(\"data-secret\",r);if(s||a)(e=t.cloneNode(!0)).removeAttribute(\"security\"),t.parentNode.replaceChild(e,t);t.contentWindow.postMessage({message:\"ready\",secret:r},\"*\")}}}}(window,document);<\/script>\n<\/div><\/figure>\n\n\n\n<div style=\"height:45px\" aria-hidden=\"true\" class=\"wp-block-spacer\"><\/div>\n\n\n\n<p>Y si eres un(a) aficionado(a) de los autos cl\u00e1sicos, para que tu experiencia sea completa debes hospedarte en La Habana en este Hotel Boutique tem\u00e1tico. Podr\u00e1s escoger la habitaci\u00f3n que desees seg\u00fan la marca de auto que m\u00e1s te guste. <\/p>\n\n\n\n<figure class=\"wp-block-embed is-type-wp-embed is-provider-rentalho wp-block-embed-rentalho\"><div class=\"wp-block-embed__wrapper\">\n<iframe loading=\"lazy\" title=\"CLAXON Hotel Boutique\" sandbox=\"allow-scripts allow-top-navigation-by-user-activation allow-popups\" src=\"https:\/\/api.rentalho.com\/oembed\/preview\/House\/592?href=https:\/\/rentalho.com\/cuba\/houses\/592\/view\" width=\"600\" height=\"338\" frameborder=\"0\" marginwidth=\"0\" marginheight=\"0\" scrolling=\"no\" class=\"wp-embedded-content\"><\/iframe>\n<\/div><\/figure>\n\n\n\n<p class=\"has-text-align-center\"><strong>Encu\u00e9ntranos en<\/strong><\/p>\n\n\n\n<ul class=\"is-content-justification-center is-layout-flex wp-container-4 wp-block-social-links aligncenter\"><li class=\"wp-social-link wp-social-link-facebook wp-block-social-link\"><a href=\"https:\/\/www.facebook.com\/RentalHoCuba\"  class=\"wp-block-social-link-anchor\"><svg width=\"24\" height=\"24\" viewBox=\"0 0 24 24\" version=\"1.1\" xmlns=\"http:\/\/www.w3.org\/2000\/svg\" aria-hidden=\"true\" focusable=\"false\"><path d=\"M12 2C6.5 2 2 6.5 2 12c0 5 3.7 9.1 8.4 9.9v-7H7.9V12h2.5V9.8c0-2.5 1.5-3.9 3.8-3.9 1.1 0 2.2.2 2.2.2v2.5h-1.3c-1.2 0-1.6.8-1.6 1.6V12h2.8l-.4 2.9h-2.3v7C18.3 21.1 22 17 22 12c0-5.5-4.5-10-10-10z\"><\/path><\/svg><span class=\"wp-block-social-link-label screen-reader-text\">Facebook<\/span><\/a><\/li>\n\n<li class=\"wp-social-link wp-social-link-instagram wp-block-social-link\"><a href=\"https:\/\/www.instagram.com\/rentalho.cuba\/\"  class=\"wp-block-social-link-anchor\"><svg width=\"24\" height=\"24\" viewBox=\"0 0 24 24\" version=\"1.1\" xmlns=\"http:\/\/www.w3.org\/2000\/svg\" aria-hidden=\"true\" focusable=\"false\"><path d=\"M12,4.622c2.403,0,2.688,0.009,3.637,0.052c0.877,0.04,1.354,0.187,1.671,0.31c0.42,0.163,0.72,0.358,1.035,0.673 c0.315,0.315,0.51,0.615,0.673,1.035c0.123,0.317,0.27,0.794,0.31,1.671c0.043,0.949,0.052,1.234,0.052,3.637 s-0.009,2.688-0.052,3.637c-0.04,0.877-0.187,1.354-0.31,1.671c-0.163,0.42-0.358,0.72-0.673,1.035 c-0.315,0.315-0.615,0.51-1.035,0.673c-0.317,0.123-0.794,0.27-1.671,0.31c-0.949,0.043-1.233,0.052-3.637,0.052 s-2.688-0.009-3.637-0.052c-0.877-0.04-1.354-0.187-1.671-0.31c-0.42-0.163-0.72-0.358-1.035-0.673 c-0.315-0.315-0.51-0.615-0.673-1.035c-0.123-0.317-0.27-0.794-0.31-1.671C4.631,14.688,4.622,14.403,4.622,12 s0.009-2.688,0.052-3.637c0.04-0.877,0.187-1.354,0.31-1.671c0.163-0.42,0.358-0.72,0.673-1.035 c0.315-0.315,0.615-0.51,1.035-0.673c0.317-0.123,0.794-0.27,1.671-0.31C9.312,4.631,9.597,4.622,12,4.622 M12,3 C9.556,3,9.249,3.01,8.289,3.054C7.331,3.098,6.677,3.25,6.105,3.472C5.513,3.702,5.011,4.01,4.511,4.511 c-0.5,0.5-0.808,1.002-1.038,1.594C3.25,6.677,3.098,7.331,3.054,8.289C3.01,9.249,3,9.556,3,12c0,2.444,0.01,2.751,0.054,3.711 c0.044,0.958,0.196,1.612,0.418,2.185c0.23,0.592,0.538,1.094,1.038,1.594c0.5,0.5,1.002,0.808,1.594,1.038 c0.572,0.222,1.227,0.375,2.185,0.418C9.249,20.99,9.556,21,12,21s2.751-0.01,3.711-0.054c0.958-0.044,1.612-0.196,2.185-0.418 c0.592-0.23,1.094-0.538,1.594-1.038c0.5-0.5,0.808-1.002,1.038-1.594c0.222-0.572,0.375-1.227,0.418-2.185 C20.99,14.751,21,14.444,21,12s-0.01-2.751-0.054-3.711c-0.044-0.958-0.196-1.612-0.418-2.185c-0.23-0.592-0.538-1.094-1.038-1.594 c-0.5-0.5-1.002-0.808-1.594-1.038c-0.572-0.222-1.227-0.375-2.185-0.418C14.751,3.01,14.444,3,12,3L12,3z M12,7.378 c-2.552,0-4.622,2.069-4.622,4.622S9.448,16.622,12,16.622s4.622-2.069,4.622-4.622S14.552,7.378,12,7.378z M12,15 c-1.657,0-3-1.343-3-3s1.343-3,3-3s3,1.343,3,3S13.657,15,12,15z M16.804,6.116c-0.596,0-1.08,0.484-1.08,1.08 s0.484,1.08,1.08,1.08c0.596,0,1.08-0.484,1.08-1.08S17.401,6.116,16.804,6.116z\"><\/path><\/svg><span class=\"wp-block-social-link-label screen-reader-text\">Instagram<\/span><\/a><\/li>\n\n<li class=\"wp-social-link wp-social-link-telegram wp-block-social-link\"><a href=\"https:\/\/t.me\/RentalHo\"  class=\"wp-block-social-link-anchor\"><svg width=\"24\" height=\"24\" viewBox=\"0 0 128 128\" version=\"1.1\" xmlns=\"http:\/\/www.w3.org\/2000\/svg\" aria-hidden=\"true\" focusable=\"false\"><path d=\"M28.9700376,63.3244248 C47.6273373,55.1957357 60.0684594,49.8368063 66.2934036,47.2476366 C84.0668845,39.855031 87.7600616,38.5708563 90.1672227,38.528 C90.6966555,38.5191258 91.8804274,38.6503351 92.6472251,39.2725385 C93.294694,39.7979149 93.4728387,40.5076237 93.5580865,41.0057381 C93.6433345,41.5038525 93.7494885,42.63857 93.6651041,43.5252052 C92.7019529,53.6451182 88.5344133,78.2034783 86.4142057,89.5379542 C85.5170662,94.3339958 83.750571,95.9420841 82.0403991,96.0994568 C78.3237996,96.4414641 75.5015827,93.6432685 71.9018743,91.2836143 C66.2690414,87.5912212 63.0868492,85.2926952 57.6192095,81.6896017 C51.3004058,77.5256038 55.3966232,75.2369981 58.9976911,71.4967761 C59.9401076,70.5179421 76.3155302,55.6232293 76.6324771,54.2720454 C76.6721165,54.1030573 76.7089039,53.4731496 76.3346867,53.1405352 C75.9604695,52.8079208 75.4081573,52.921662 75.0095933,53.0121213 C74.444641,53.1403447 65.4461175,59.0880351 48.0140228,70.8551922 C45.4598218,72.6091037 43.1463059,73.4636682 41.0734751,73.4188859 C38.7883453,73.3695169 34.3926725,72.1268388 31.1249416,71.0646282 C27.1169366,69.7617838 23.931454,69.0729605 24.208838,66.8603276 C24.3533167,65.7078514 25.9403832,64.5292172 28.9700376,63.3244248 Z\" \/><\/svg><span class=\"wp-block-social-link-label screen-reader-text\">Telegram<\/span><\/a><\/li>\n\n<li class=\"wp-social-link wp-social-link-whatsapp wp-block-social-link\"><a href=\"https:\/\/wa.me\/message\/E4DTBUDYCZXVB1\"  class=\"wp-block-social-link-anchor\"><svg width=\"24\" height=\"24\" viewBox=\"0 0 24 24\" version=\"1.1\" xmlns=\"http:\/\/www.w3.org\/2000\/svg\" aria-hidden=\"true\" focusable=\"false\"><path d=\"M 12.011719 2 C 6.5057187 2 2.0234844 6.478375 2.0214844 11.984375 C 2.0204844 13.744375 2.4814687 15.462563 3.3554688 16.976562 L 2 22 L 7.2324219 20.763672 C 8.6914219 21.559672 10.333859 21.977516 12.005859 21.978516 L 12.009766 21.978516 C 17.514766 21.978516 21.995047 17.499141 21.998047 11.994141 C 22.000047 9.3251406 20.962172 6.8157344 19.076172 4.9277344 C 17.190172 3.0407344 14.683719 2.001 12.011719 2 z M 12.009766 4 C 14.145766 4.001 16.153109 4.8337969 17.662109 6.3417969 C 19.171109 7.8517969 20.000047 9.8581875 19.998047 11.992188 C 19.996047 16.396187 16.413812 19.978516 12.007812 19.978516 C 10.674812 19.977516 9.3544062 19.642812 8.1914062 19.007812 L 7.5175781 18.640625 L 6.7734375 18.816406 L 4.8046875 19.28125 L 5.2851562 17.496094 L 5.5019531 16.695312 L 5.0878906 15.976562 C 4.3898906 14.768562 4.0204844 13.387375 4.0214844 11.984375 C 4.0234844 7.582375 7.6067656 4 12.009766 4 z M 8.4765625 7.375 C 8.3095625 7.375 8.0395469 7.4375 7.8105469 7.6875 C 7.5815469 7.9365 6.9355469 8.5395781 6.9355469 9.7675781 C 6.9355469 10.995578 7.8300781 12.182609 7.9550781 12.349609 C 8.0790781 12.515609 9.68175 15.115234 12.21875 16.115234 C 14.32675 16.946234 14.754891 16.782234 15.212891 16.740234 C 15.670891 16.699234 16.690438 16.137687 16.898438 15.554688 C 17.106437 14.971687 17.106922 14.470187 17.044922 14.367188 C 16.982922 14.263188 16.816406 14.201172 16.566406 14.076172 C 16.317406 13.951172 15.090328 13.348625 14.861328 13.265625 C 14.632328 13.182625 14.464828 13.140625 14.298828 13.390625 C 14.132828 13.640625 13.655766 14.201187 13.509766 14.367188 C 13.363766 14.534188 13.21875 14.556641 12.96875 14.431641 C 12.71875 14.305641 11.914938 14.041406 10.960938 13.191406 C 10.218937 12.530406 9.7182656 11.714844 9.5722656 11.464844 C 9.4272656 11.215844 9.5585938 11.079078 9.6835938 10.955078 C 9.7955938 10.843078 9.9316406 10.663578 10.056641 10.517578 C 10.180641 10.371578 10.223641 10.267562 10.306641 10.101562 C 10.389641 9.9355625 10.347156 9.7890625 10.285156 9.6640625 C 10.223156 9.5390625 9.737625 8.3065 9.515625 7.8125 C 9.328625 7.3975 9.131125 7.3878594 8.953125 7.3808594 C 8.808125 7.3748594 8.6425625 7.375 8.4765625 7.375 z\"><\/path><\/svg><span class=\"wp-block-social-link-label screen-reader-text\">WhatsApp<\/span><\/a><\/li>\n\n<li class=\"wp-social-link wp-social-link-youtube wp-block-social-link\"><a href=\"https:\/\/www.youtube.com\/@rentalho8931\"  class=\"wp-block-social-link-anchor\"><svg width=\"24\" height=\"24\" viewBox=\"0 0 24 24\" version=\"1.1\" xmlns=\"http:\/\/www.w3.org\/2000\/svg\" aria-hidden=\"true\" focusable=\"false\"><path d=\"M21.8,8.001c0,0-0.195-1.378-0.795-1.985c-0.76-0.797-1.613-0.801-2.004-0.847c-2.799-0.202-6.997-0.202-6.997-0.202 h-0.009c0,0-4.198,0-6.997,0.202C4.608,5.216,3.756,5.22,2.995,6.016C2.395,6.623,2.2,8.001,2.2,8.001S2,9.62,2,11.238v1.517 c0,1.618,0.2,3.237,0.2,3.237s0.195,1.378,0.795,1.985c0.761,0.797,1.76,0.771,2.205,0.855c1.6,0.153,6.8,0.201,6.8,0.201 s4.203-0.006,7.001-0.209c0.391-0.047,1.243-0.051,2.004-0.847c0.6-0.607,0.795-1.985,0.795-1.985s0.2-1.618,0.2-3.237v-1.517 C22,9.62,21.8,8.001,21.8,8.001z M9.935,14.594l-0.001-5.62l5.404,2.82L9.935,14.594z\"><\/path><\/svg><span class=\"wp-block-social-link-label screen-reader-text\">YouTube<\/span><\/a><\/li>\n\n<li class=\"wp-social-link wp-social-link-chain wp-block-social-link\"><a href=\"https:\/\/rentalho.com\/\"  class=\"wp-block-social-link-anchor\"><svg width=\"24\" height=\"24\" viewBox=\"0 0 24 24\" version=\"1.1\" xmlns=\"http:\/\/www.w3.org\/2000\/svg\" aria-hidden=\"true\" focusable=\"false\"><path d=\"M19.647,16.706a1.134,1.134,0,0,0-.343-.833l-2.549-2.549a1.134,1.134,0,0,0-.833-.343,1.168,1.168,0,0,0-.883.392l.233.226q.2.189.264.264a2.922,2.922,0,0,1,.184.233.986.986,0,0,1,.159.312,1.242,1.242,0,0,1,.043.337,1.172,1.172,0,0,1-1.176,1.176,1.237,1.237,0,0,1-.337-.043,1,1,0,0,1-.312-.159,2.76,2.76,0,0,1-.233-.184q-.073-.068-.264-.264l-.226-.233a1.19,1.19,0,0,0-.4.895,1.134,1.134,0,0,0,.343.833L15.837,19.3a1.13,1.13,0,0,0,.833.331,1.18,1.18,0,0,0,.833-.318l1.8-1.789a1.12,1.12,0,0,0,.343-.821Zm-8.615-8.64a1.134,1.134,0,0,0-.343-.833L8.163,4.7a1.134,1.134,0,0,0-.833-.343,1.184,1.184,0,0,0-.833.331L4.7,6.473a1.12,1.12,0,0,0-.343.821,1.134,1.134,0,0,0,.343.833l2.549,2.549a1.13,1.13,0,0,0,.833.331,1.184,1.184,0,0,0,.883-.38L8.728,10.4q-.2-.189-.264-.264A2.922,2.922,0,0,1,8.28,9.9a.986.986,0,0,1-.159-.312,1.242,1.242,0,0,1-.043-.337A1.172,1.172,0,0,1,9.254,8.079a1.237,1.237,0,0,1,.337.043,1,1,0,0,1,.312.159,2.761,2.761,0,0,1,.233.184q.073.068.264.264l.226.233a1.19,1.19,0,0,0,.4-.895ZM22,16.706a3.343,3.343,0,0,1-1.042,2.488l-1.8,1.789a3.536,3.536,0,0,1-4.988-.025l-2.525-2.537a3.384,3.384,0,0,1-1.017-2.488,3.448,3.448,0,0,1,1.078-2.561l-1.078-1.078a3.434,3.434,0,0,1-2.549,1.078,3.4,3.4,0,0,1-2.5-1.029L3.029,9.794A3.4,3.4,0,0,1,2,7.294,3.343,3.343,0,0,1,3.042,4.806l1.8-1.789A3.384,3.384,0,0,1,7.331,2a3.357,3.357,0,0,1,2.5,1.042l2.525,2.537a3.384,3.384,0,0,1,1.017,2.488,3.448,3.448,0,0,1-1.078,2.561l1.078,1.078a3.551,3.551,0,0,1,5.049-.049l2.549,2.549A3.4,3.4,0,0,1,22,16.706Z\"><\/path><\/svg><span class=\"wp-block-social-link-label screen-reader-text\">Link<\/span><\/a><\/li><\/ul>\n","protected":false},"excerpt":{"rendered":"<p>Cuba es famosa por sus autos cl\u00e1sicos que recorren las calles como si fueran parte de un museo rodante. Sin embargo, pocos conocen la joya oculta que alberga el Centro Hist\u00f3rico de La Habana.<\/p>\n","protected":false},"author":2,"featured_media":837,"comment_status":"open","ping_status":"open","sticky":false,"template":"","format":"standard","meta":[],"categories":[6],"tags":[47,8,48,9],"yoast_head":"<!-- This site is optimized with the Yoast SEO plugin v20.2 - https:\/\/yoast.com\/wordpress\/plugins\/seo\/ -->\n<title>Un viaje por el Museo del Autom\u00f3vil en Cuba - El Blog de RentalHo<\/title>\n<meta name=\"description\" content=\"Conoce el museo del Autom\u00f3vil, un tesoro oculto que exhibe autos cl\u00e1sicos y veh\u00edculos hist\u00f3ricos que marcaron la cultura y la historia de Cuba\" \/>\n<meta name=\"robots\" content=\"index, follow, max-snippet:-1, max-image-preview:large, max-video-preview:-1\" \/>\n<link rel=\"canonical\" href=\"https:\/\/blog.rentalho.com\/es\/museo-del-automovil\/\" \/>\n<meta property=\"og:locale\" content=\"es_ES\" \/>\n<meta property=\"og:type\" content=\"article\" \/>\n<meta property=\"og:title\" content=\"Un viaje por el Museo del Autom\u00f3vil en Cuba - El Blog de RentalHo\" \/>\n<meta property=\"og:description\" content=\"Conoce el museo del Autom\u00f3vil, un tesoro oculto que exhibe autos cl\u00e1sicos y veh\u00edculos hist\u00f3ricos que marcaron la cultura y la historia de Cuba\" \/>\n<meta property=\"og:url\" content=\"https:\/\/blog.rentalho.com\/es\/museo-del-automovil\/\" \/>\n<meta property=\"og:site_name\" content=\"El Blog de RentalHo\" \/>\n<meta property=\"article:publisher\" content=\"https:\/\/facebook.com\/RentalHoCuba\/?ref=bookmarks\" \/>\n<meta property=\"article:published_time\" content=\"2024-07-27T14:00:00+00:00\" \/>\n<meta property=\"article:modified_time\" content=\"2024-08-02T20:29:51+00:00\" \/>\n<meta property=\"og:image\" content=\"https:\/\/blog.rentalho.com\/wp-content\/uploads\/2024\/08\/Foto-Sergei-Montalvo-Arostegui-Inauguracion-Museo-del-Automovil-7-1.jpg\" \/>\n\t<meta property=\"og:image:width\" content=\"1800\" \/>\n\t<meta property=\"og:image:height\" content=\"1200\" \/>\n\t<meta property=\"og:image:type\" content=\"image\/jpeg\" \/>\n<meta name=\"author\" content=\"Anaili\" \/>\n<meta name=\"twitter:card\" content=\"summary_large_image\" \/>\n<meta name=\"twitter:creator\" content=\"@RentalHo\" \/>\n<meta name=\"twitter:site\" content=\"@RentalHo\" \/>\n<meta name=\"twitter:label1\" content=\"Written by\" \/>\n\t<meta name=\"twitter:data1\" content=\"Anaili\" \/>\n\t<meta name=\"twitter:label2\" content=\"Est. reading time\" \/>\n\t<meta name=\"twitter:data2\" content=\"5 minutos\" \/>\n<script type=\"application\/ld+json\" class=\"yoast-schema-graph\">{\"@context\":\"https:\/\/schema.org\",\"@graph\":[{\"@type\":\"Article\",\"@id\":\"https:\/\/blog.rentalho.com\/museo-del-automovil\/#article\",\"isPartOf\":{\"@id\":\"https:\/\/blog.rentalho.com\/museo-del-automovil\/\"},\"author\":{\"name\":\"Anaili\",\"@id\":\"https:\/\/blog.rentalho.com\/es\/#\/schema\/person\/e1bde7246a020c6854dae66ab81e0d1e\"},\"headline\":\"Un viaje por el Museo del Autom\u00f3vil en Cuba\",\"datePublished\":\"2024-07-27T14:00:00+00:00\",\"dateModified\":\"2024-08-02T20:29:51+00:00\",\"mainEntityOfPage\":{\"@id\":\"https:\/\/blog.rentalho.com\/museo-del-automovil\/\"},\"wordCount\":726,\"commentCount\":0,\"publisher\":{\"@id\":\"https:\/\/blog.rentalho.com\/es\/#organization\"},\"keywords\":[\"autos cl\u00e1sicos\",\"La Habana\",\"museos\",\"sitios de inter\u00e9s\"],\"articleSection\":[\"cultura e identidad\"],\"inLanguage\":\"es\",\"potentialAction\":[{\"@type\":\"CommentAction\",\"name\":\"Comment\",\"target\":[\"https:\/\/blog.rentalho.com\/museo-del-automovil\/#respond\"]}]},{\"@type\":\"WebPage\",\"@id\":\"https:\/\/blog.rentalho.com\/museo-del-automovil\/\",\"url\":\"https:\/\/blog.rentalho.com\/museo-del-automovil\/\",\"name\":\"Un viaje por el Museo del Autom\u00f3vil en Cuba - El Blog de RentalHo\",\"isPartOf\":{\"@id\":\"https:\/\/blog.rentalho.com\/es\/#website\"},\"datePublished\":\"2024-07-27T14:00:00+00:00\",\"dateModified\":\"2024-08-02T20:29:51+00:00\",\"description\":\"Conoce el museo del Autom\u00f3vil, un tesoro oculto que exhibe autos cl\u00e1sicos y veh\u00edculos hist\u00f3ricos que marcaron la cultura y la historia de Cuba\",\"breadcrumb\":{\"@id\":\"https:\/\/blog.rentalho.com\/museo-del-automovil\/#breadcrumb\"},\"inLanguage\":\"es\",\"potentialAction\":[{\"@type\":\"ReadAction\",\"target\":[\"https:\/\/blog.rentalho.com\/museo-del-automovil\/\"]}]},{\"@type\":\"BreadcrumbList\",\"@id\":\"https:\/\/blog.rentalho.com\/museo-del-automovil\/#breadcrumb\",\"itemListElement\":[{\"@type\":\"ListItem\",\"position\":1,\"name\":\"Home\",\"item\":\"https:\/\/blog.rentalho.com\/es\/\"},{\"@type\":\"ListItem\",\"position\":2,\"name\":\"Un viaje por el Museo del Autom\u00f3vil en Cuba\"}]},{\"@type\":\"WebSite\",\"@id\":\"https:\/\/blog.rentalho.com\/es\/#website\",\"url\":\"https:\/\/blog.rentalho.com\/es\/\",\"name\":\"El Blog de RentalHo\",\"description\":\"M\u00e1s que una casa, un hogar\",\"publisher\":{\"@id\":\"https:\/\/blog.rentalho.com\/es\/#organization\"},\"potentialAction\":[{\"@type\":\"SearchAction\",\"target\":{\"@type\":\"EntryPoint\",\"urlTemplate\":\"https:\/\/blog.rentalho.com\/es\/?s={search_term_string}\"},\"query-input\":\"required name=search_term_string\"}],\"inLanguage\":\"es\"},{\"@type\":\"Organization\",\"@id\":\"https:\/\/blog.rentalho.com\/es\/#organization\",\"name\":\"RentalHo\",\"url\":\"https:\/\/blog.rentalho.com\/es\/\",\"logo\":{\"@type\":\"ImageObject\",\"inLanguage\":\"es\",\"@id\":\"https:\/\/blog.rentalho.com\/es\/#\/schema\/logo\/image\/\",\"url\":\"https:\/\/blog.rentalho.com\/wp-content\/uploads\/2023\/02\/logo-rentalho.png\",\"contentUrl\":\"https:\/\/blog.rentalho.com\/wp-content\/uploads\/2023\/02\/logo-rentalho.png\",\"width\":267,\"height\":265,\"caption\":\"RentalHo\"},\"image\":{\"@id\":\"https:\/\/blog.rentalho.com\/es\/#\/schema\/logo\/image\/\"},\"sameAs\":[\"https:\/\/facebook.com\/RentalHoCuba\/?ref=bookmarks\",\"https:\/\/twitter.com\/RentalHo\",\"https:\/\/www.instagram.com\/rentalho.cuba\",\"https:\/\/www.pinterest.com\/rentalho\",\"https:\/\/www.linkedin.com\/mwlite\/in\/rentalho-travel-agency\"]},{\"@type\":\"Person\",\"@id\":\"https:\/\/blog.rentalho.com\/es\/#\/schema\/person\/e1bde7246a020c6854dae66ab81e0d1e\",\"name\":\"Anaili\",\"image\":{\"@type\":\"ImageObject\",\"inLanguage\":\"es\",\"@id\":\"https:\/\/blog.rentalho.com\/es\/#\/schema\/person\/image\/\",\"url\":\"https:\/\/secure.gravatar.com\/avatar\/279c46c784b1d9bd25b617604ca21239?s=96&d=retro&r=g\",\"contentUrl\":\"https:\/\/secure.gravatar.com\/avatar\/279c46c784b1d9bd25b617604ca21239?s=96&d=retro&r=g\",\"caption\":\"Anaili\"},\"url\":\"https:\/\/blog.rentalho.com\/es\/author\/anaili\/\"}]}<\/script>\n<!-- \/ Yoast SEO plugin. -->","yoast_head_json":{"title":"Un viaje por el Museo del Autom\u00f3vil en Cuba - El Blog de RentalHo","description":"Conoce el museo del Autom\u00f3vil, un tesoro oculto que exhibe autos cl\u00e1sicos y veh\u00edculos hist\u00f3ricos que marcaron la cultura y la historia de Cuba","robots":{"index":"index","follow":"follow","max-snippet":"max-snippet:-1","max-image-preview":"max-image-preview:large","max-video-preview":"max-video-preview:-1"},"canonical":"https:\/\/blog.rentalho.com\/es\/museo-del-automovil\/","og_locale":"es_ES","og_type":"article","og_title":"Un viaje por el Museo del Autom\u00f3vil en Cuba - El Blog de RentalHo","og_description":"Conoce el museo del Autom\u00f3vil, un tesoro oculto que exhibe autos cl\u00e1sicos y veh\u00edculos hist\u00f3ricos que marcaron la cultura y la historia de Cuba","og_url":"https:\/\/blog.rentalho.com\/es\/museo-del-automovil\/","og_site_name":"El Blog de RentalHo","article_publisher":"https:\/\/facebook.com\/RentalHoCuba\/?ref=bookmarks","article_published_time":"2024-07-27T14:00:00+00:00","article_modified_time":"2024-08-02T20:29:51+00:00","og_image":[{"width":1800,"height":1200,"url":"https:\/\/blog.rentalho.com\/wp-content\/uploads\/2024\/08\/Foto-Sergei-Montalvo-Arostegui-Inauguracion-Museo-del-Automovil-7-1.jpg","type":"image\/jpeg"}],"author":"Anaili","twitter_card":"summary_large_image","twitter_creator":"@RentalHo","twitter_site":"@RentalHo","twitter_misc":{"Written by":"Anaili","Est. reading time":"5 minutos"},"schema":{"@context":"https:\/\/schema.org","@graph":[{"@type":"Article","@id":"https:\/\/blog.rentalho.com\/museo-del-automovil\/#article","isPartOf":{"@id":"https:\/\/blog.rentalho.com\/museo-del-automovil\/"},"author":{"name":"Anaili","@id":"https:\/\/blog.rentalho.com\/es\/#\/schema\/person\/e1bde7246a020c6854dae66ab81e0d1e"},"headline":"Un viaje por el Museo del Autom\u00f3vil en Cuba","datePublished":"2024-07-27T14:00:00+00:00","dateModified":"2024-08-02T20:29:51+00:00","mainEntityOfPage":{"@id":"https:\/\/blog.rentalho.com\/museo-del-automovil\/"},"wordCount":726,"commentCount":0,"publisher":{"@id":"https:\/\/blog.rentalho.com\/es\/#organization"},"keywords":["autos cl\u00e1sicos","La Habana","museos","sitios de inter\u00e9s"],"articleSection":["cultura e identidad"],"inLanguage":"es","potentialAction":[{"@type":"CommentAction","name":"Comment","target":["https:\/\/blog.rentalho.com\/museo-del-automovil\/#respond"]}]},{"@type":"WebPage","@id":"https:\/\/blog.rentalho.com\/museo-del-automovil\/","url":"https:\/\/blog.rentalho.com\/museo-del-automovil\/","name":"Un viaje por el Museo del Autom\u00f3vil en Cuba - El Blog de RentalHo","isPartOf":{"@id":"https:\/\/blog.rentalho.com\/es\/#website"},"datePublished":"2024-07-27T14:00:00+00:00","dateModified":"2024-08-02T20:29:51+00:00","description":"Conoce el museo del Autom\u00f3vil, un tesoro oculto que exhibe autos cl\u00e1sicos y veh\u00edculos hist\u00f3ricos que marcaron la cultura y la historia de Cuba","breadcrumb":{"@id":"https:\/\/blog.rentalho.com\/museo-del-automovil\/#breadcrumb"},"inLanguage":"es","potentialAction":[{"@type":"ReadAction","target":["https:\/\/blog.rentalho.com\/museo-del-automovil\/"]}]},{"@type":"BreadcrumbList","@id":"https:\/\/blog.rentalho.com\/museo-del-automovil\/#breadcrumb","itemListElement":[{"@type":"ListItem","position":1,"name":"Home","item":"https:\/\/blog.rentalho.com\/es\/"},{"@type":"ListItem","position":2,"name":"Un viaje por el Museo del Autom\u00f3vil en Cuba"}]},{"@type":"WebSite","@id":"https:\/\/blog.rentalho.com\/es\/#website","url":"https:\/\/blog.rentalho.com\/es\/","name":"El Blog de RentalHo","description":"M\u00e1s que una casa, un hogar","publisher":{"@id":"https:\/\/blog.rentalho.com\/es\/#organization"},"potentialAction":[{"@type":"SearchAction","target":{"@type":"EntryPoint","urlTemplate":"https:\/\/blog.rentalho.com\/es\/?s={search_term_string}"},"query-input":"required name=search_term_string"}],"inLanguage":"es"},{"@type":"Organization","@id":"https:\/\/blog.rentalho.com\/es\/#organization","name":"RentalHo","url":"https:\/\/blog.rentalho.com\/es\/","logo":{"@type":"ImageObject","inLanguage":"es","@id":"https:\/\/blog.rentalho.com\/es\/#\/schema\/logo\/image\/","url":"https:\/\/blog.rentalho.com\/wp-content\/uploads\/2023\/02\/logo-rentalho.png","contentUrl":"https:\/\/blog.rentalho.com\/wp-content\/uploads\/2023\/02\/logo-rentalho.png","width":267,"height":265,"caption":"RentalHo"},"image":{"@id":"https:\/\/blog.rentalho.com\/es\/#\/schema\/logo\/image\/"},"sameAs":["https:\/\/facebook.com\/RentalHoCuba\/?ref=bookmarks","https:\/\/twitter.com\/RentalHo","https:\/\/www.instagram.com\/rentalho.cuba","https:\/\/www.pinterest.com\/rentalho","https:\/\/www.linkedin.com\/mwlite\/in\/rentalho-travel-agency"]},{"@type":"Person","@id":"https:\/\/blog.rentalho.com\/es\/#\/schema\/person\/e1bde7246a020c6854dae66ab81e0d1e","name":"Anaili","image":{"@type":"ImageObject","inLanguage":"es","@id":"https:\/\/blog.rentalho.com\/es\/#\/schema\/person\/image\/","url":"https:\/\/secure.gravatar.com\/avatar\/279c46c784b1d9bd25b617604ca21239?s=96&d=retro&r=g","contentUrl":"https:\/\/secure.gravatar.com\/avatar\/279c46c784b1d9bd25b617604ca21239?s=96&d=retro&r=g","caption":"Anaili"},"url":"https:\/\/blog.rentalho.com\/es\/author\/anaili\/"}]}},"_links":{"self":[{"href":"https:\/\/blog.rentalho.com\/es\/wp-json\/wp\/v2\/posts\/835"}],"collection":[{"href":"https:\/\/blog.rentalho.com\/es\/wp-json\/wp\/v2\/posts"}],"about":[{"href":"https:\/\/blog.rentalho.com\/es\/wp-json\/wp\/v2\/types\/post"}],"author":[{"embeddable":true,"href":"https:\/\/blog.rentalho.com\/es\/wp-json\/wp\/v2\/users\/2"}],"replies":[{"embeddable":true,"href":"https:\/\/blog.rentalho.com\/es\/wp-json\/wp\/v2\/comments?post=835"}],"version-history":[{"count":9,"href":"https:\/\/blog.rentalho.com\/es\/wp-json\/wp\/v2\/posts\/835\/revisions"}],"predecessor-version":[{"id":897,"href":"https:\/\/blog.rentalho.com\/es\/wp-json\/wp\/v2\/posts\/835\/revisions\/897"}],"wp:featuredmedia":[{"embeddable":true,"href":"https:\/\/blog.rentalho.com\/es\/wp-json\/wp\/v2\/media\/837"}],"wp:attachment":[{"href":"https:\/\/blog.rentalho.com\/es\/wp-json\/wp\/v2\/media?parent=835"}],"wp:term":[{"taxonomy":"category","embeddable":true,"href":"https:\/\/blog.rentalho.com\/es\/wp-json\/wp\/v2\/categories?post=835"},{"taxonomy":"post_tag","embeddable":true,"href":"https:\/\/blog.rentalho.com\/es\/wp-json\/wp\/v2\/tags?post=835"}],"curies":[{"name":"wp","href":"https:\/\/api.w.org\/{rel}","templated":true}]}}